{"id":2336,"date":"2023-10-19T13:40:49","date_gmt":"2023-10-19T11:40:49","guid":{"rendered":"https:\/\/gravityescueladeespalda.es\/?p=2336"},"modified":"2023-10-21T09:15:54","modified_gmt":"2023-10-21T07:15:54","slug":"fascia","status":"publish","type":"post","link":"http:\/\/gravityescueladeespalda.es\/index.php\/2023\/10\/19\/fascia\/","title":{"rendered":"Fascia"},"content":{"rendered":"\n<div class=\"ghostkit-grid ghostkit-grid-gap-md\"><div class=\"ghostkit-grid-inner\">\n<div class=\"ghostkit-col ghostkit-col-md-12 ghostkit-col-6\"><div class=\"ghostkit-col-content is-layout-flow wp-block-ghostkit-grid-column-is-layout-flow\">\n<p>La piel est\u00e1 formada por tres capas: epidermis, dermis e hipodermis.<br>La capa subcut\u00e1nea o hipodermis, se divide  a su vez en tres capas: la superficial, la intermedia (Fascia Superficial) y la profunda(Fascia Profunda). <\/p>\n\n\n\n<p>La <strong>Fascia Superficia<\/strong>l es una capa de tejido conectivo laxo localizado directamente bajo la piel y formado por fibras de col\u00e1geno interconectadas, poco densas y mezcladas con abundantes fibras el\u00e1sticas. Muy rica en agua, su disposici\u00f3n y espesor puede variar a lo largo del cuerpo, siendo m\u00e1s gruesa en los miembros inferiores que en los superiores, en la parte posterior que en la anterior del tronco, y en mujeres que en hombres.<\/p>\n\n\n\n<p>En las prominencias \u00f3seas se adhiere a la <strong>Fascia profunda<\/strong>. Se trata de una membrana fibrosa, situada debajo<span style=\"background-color:#ffffff\" class=\"has-inline-background\"> de la hipodermis, que forma una intrincada red que envuelve y separa los m\u00fasculos, forma envolturas para los nervios y los vasos, refuerza los ligamentos, y mantiene todas las estructuras<\/span>. Envuelve todos los m\u00fasculos del cuerpo, pero tiene diferentes caracter\u00edsticas seg\u00fan la regi\u00f3n. <\/p>\n\n\n\n<p>Debajo de la Fascia Profunda, los m\u00fasculos se deslizan gracias al tejido conectivo laxo, (rico en \u00e1cido hialur\u00f3nico) situado entre el epimisio y la Fascia Profunda (compuesta a su vez por una capa interna y otra externa).<span style=\"background-color:#7bdcb5\" class=\"has-inline-background\"> La externa se extiende por todo el cuerpo de manera uniforme, mientras que la interna se conecta con los m\u00fasculos subyacentes.<\/span><br><\/p>\n<\/div><\/div>\n\n\n\n<div class=\"ghostkit-col ghostkit-col-md-12 ghostkit-col-6\"><div class=\"ghostkit-col-content is-layout-flow wp-block-ghostkit-grid-column-is-layout-flow\">\n<figure class=\"wp-block-image size-full\"><img fetchpriority=\"high\" decoding=\"async\" width=\"392\" height=\"459\" src=\"https:\/\/gravityescueladeespalda.es\/wp-content\/uploads\/2023\/10\/fascia_superficial_profunda.jpg\" alt=\"\" class=\"wp-image-2339\" srcset=\"http:\/\/gravityescueladeespalda.es\/wp-content\/uploads\/2023\/10\/fascia_superficial_profunda.jpg 392w, http:\/\/gravityescueladeespalda.es\/wp-content\/uploads\/2023\/10\/fascia_superficial_profunda-256x300.jpg 256w\" sizes=\"(max-width: 392px) 100vw, 392px\" \/><\/figure>\n\n\n\n<figure class=\"wp-block-image size-large\"><img decoding=\"async\" width=\"1024\" height=\"768\" src=\"https:\/\/gravityescueladeespalda.es\/wp-content\/uploads\/2023\/10\/fascia-p-1024x768.jpg\" alt=\"\" class=\"wp-image-2340\" srcset=\"http:\/\/gravityescueladeespalda.es\/wp-content\/uploads\/2023\/10\/fascia-p-1024x768.jpg 1024w, http:\/\/gravityescueladeespalda.es\/wp-content\/uploads\/2023\/10\/fascia-p-300x225.jpg 300w, http:\/\/gravityescueladeespalda.es\/wp-content\/uploads\/2023\/10\/fascia-p-768x576.jpg 768w, http:\/\/gravityescueladeespalda.es\/wp-content\/uploads\/2023\/10\/fascia-p-1536x1152.jpg 1536w, http:\/\/gravityescueladeespalda.es\/wp-content\/uploads\/2023\/10\/fascia-p.jpg 1600w\" sizes=\"(max-width: 1024px) 100vw, 1024px\" \/><\/figure>\n<\/div><\/div>\n<\/div><\/div>\n\n\n\n<p><strong>Por todo ello, se puede afirmar que la FASCIA es un tejido din\u00e1mico y altamente sensible, que siempre est\u00e1 escuchando y respondiendo a lo que sucede en el cuerpo. El conocimiento de la estructura y funci\u00f3n de la fascia puede ayudar a mejorar los resultados de todas las terapias manuales y f\u00edsicas que afectan al sistema fasci<\/strong>al.<\/p>\n\n\n\n<div class=\"wp-block-group has-global-padding is-layout-constrained wp-block-group-is-layout-constrained\">\n<div class=\"ghostkit-grid ghostkit-grid-gap-md\"><div class=\"ghostkit-grid-inner\">\n<div class=\"ghostkit-col ghostkit-col-md-12 ghostkit-col-6\"><div class=\"ghostkit-col-content is-layout-flow wp-block-ghostkit-grid-column-is-layout-flow\">\n<figure class=\"wp-block-image size-full is-resized\"><img decoding=\"async\" width=\"198\" height=\"255\" src=\"https:\/\/gravityescueladeespalda.es\/wp-content\/uploads\/2023\/10\/bodyfascia.png\" alt=\"\" class=\"wp-image-2338\" style=\"aspect-ratio:0.7764705882352941;width:352px;height:auto\"\/><\/figure>\n<\/div><\/div>\n\n\n\n<div class=\"ghostkit-col ghostkit-col-md-12 ghostkit-col-6 ghostkit-col-align-self-center\"><div class=\"ghostkit-col-content is-layout-flow wp-block-ghostkit-grid-column-is-layout-flow\">\n<p><span style=\"background-color:#f78da7\" class=\"has-inline-background\">Este modelo puede usarse para explicar c\u00f3mo la disfunci\u00f3n en una regi\u00f3n puede causar disfunci\u00f3n\/dolor en una regi\u00f3n m\u00e1s distante del cuerpo<\/span> ya que los diferentes tejidos (es decir, m\u00fasculos y huesos asociados) comparten una conexi\u00f3n f\u00edsica entre s\u00ed. La aplicaci\u00f3n del modelo de tensegridad anima a los profesionales del ejercicio y a los profesionales m\u00e9dicos a mirar m\u00e1s all\u00e1 de las regiones singulares que presentan dolor o disfunci\u00f3n;&nbsp;tal cambio de paradigma nos anima a considerar la cadena cin\u00e9tica en su totalidad y su participaci\u00f3n en patrones de movimiento defectuosos.&nbsp;En esencia, nos recuerda que <strong>el movimiento humano opera como un sistema unificado<\/strong>, m\u00e1s all\u00e1 de los sitios aparentemente obvios de control motor deficiente y dolor.<\/p>\n<\/div><\/div>\n<\/div><\/div>\n<\/div>\n\n\n\n<p><\/p>\n\n\n\n<p><\/p>\n\n\n\n<p>Referencias<\/p>\n","protected":false},"excerpt":{"rendered":"<p>Por todo ello, se puede afirmar que la FASCIA es un tejido din\u00e1mico y altamente sensible, que siempre est\u00e1 escuchando y respondiendo a lo que sucede en el cuerpo. El conocimiento de la estructura y funci\u00f3n de la fascia puede ayudar a mejorar los resultados de todas las terapias manuales y f\u00edsicas que afectan al &hellip; <\/p>\n<p class=\"link-more\"><a href=\"http:\/\/gravityescueladeespalda.es\/index.php\/2023\/10\/19\/fascia\/\" class=\"more-link\">Leer m\u00e1s<span class=\"screen-reader-text\"> \u00abFascia\u00bb<\/span><\/a><\/p>\n","protected":false},"author":1,"featured_media":2343,"comment_status":"closed","ping_status":"closed","sticky":false,"template":"","format":"standard","meta":{"_editorskit_title_hidden":false,"_editorskit_reading_time":0,"_editorskit_is_block_options_detached":false,"_editorskit_block_options_position":"{}","_uag_custom_page_level_css":"","ghostkit_customizer_options":"","ghostkit_custom_css":"","ghostkit_custom_js_head":"","ghostkit_custom_js_foot":"","ghostkit_typography":"","footnotes":""},"categories":[3,18],"tags":[111,113,112],"class_list":["post-2336","post","type-post","status-publish","format-standard","has-post-thumbnail","hentry","category-pilates-osteopatia-espalda","category-terapias","tag-fascia","tag-miofascial","tag-tensegridad"],"uagb_featured_image_src":{"full":["http:\/\/gravityescueladeespalda.es\/wp-content\/uploads\/2023\/10\/biotensegrity.png",750,350,false],"thumbnail":["http:\/\/gravityescueladeespalda.es\/wp-content\/uploads\/2023\/10\/biotensegrity-150x150.png",150,150,true],"medium":["http:\/\/gravityescueladeespalda.es\/wp-content\/uploads\/2023\/10\/biotensegrity-300x140.png",300,140,true],"medium_large":["http:\/\/gravityescueladeespalda.es\/wp-content\/uploads\/2023\/10\/biotensegrity.png",750,350,false],"large":["http:\/\/gravityescueladeespalda.es\/wp-content\/uploads\/2023\/10\/biotensegrity.png",750,350,false],"1536x1536":["http:\/\/gravityescueladeespalda.es\/wp-content\/uploads\/2023\/10\/biotensegrity.png",750,350,false],"2048x2048":["http:\/\/gravityescueladeespalda.es\/wp-content\/uploads\/2023\/10\/biotensegrity.png",750,350,false],"inspiro-featured-image":["http:\/\/gravityescueladeespalda.es\/wp-content\/uploads\/2023\/10\/biotensegrity.png",750,350,false],"inspiro-loop":["http:\/\/gravityescueladeespalda.es\/wp-content\/uploads\/2023\/10\/biotensegrity-750x320.png",750,320,true],"inspiro-loop@2x":["http:\/\/gravityescueladeespalda.es\/wp-content\/uploads\/2023\/10\/biotensegrity.png",750,350,false]},"uagb_author_info":{"display_name":"Kity","author_link":"http:\/\/gravityescueladeespalda.es\/index.php\/author\/admin\/"},"uagb_comment_info":0,"uagb_excerpt":"Por todo ello, se puede afirmar que la FASCIA es un tejido din\u00e1mico y altamente sensible, que siempre est\u00e1 escuchando y respondiendo a lo que sucede en el cuerpo. El conocimiento de la estructura y funci\u00f3n de la fascia puede ayudar a mejorar los resultados de todas las terapias manuales y f\u00edsicas que afectan al&hellip;","rttpg_featured_image_url":{"full":["http:\/\/gravityescueladeespalda.es\/wp-content\/uploads\/2023\/10\/biotensegrity.png",750,350,false],"landscape":["http:\/\/gravityescueladeespalda.es\/wp-content\/uploads\/2023\/10\/biotensegrity.png",750,350,false],"portraits":["http:\/\/gravityescueladeespalda.es\/wp-content\/uploads\/2023\/10\/biotensegrity.png",750,350,false],"thumbnail":["http:\/\/gravityescueladeespalda.es\/wp-content\/uploads\/2023\/10\/biotensegrity-150x150.png",150,150,true],"medium":["http:\/\/gravityescueladeespalda.es\/wp-content\/uploads\/2023\/10\/biotensegrity-300x140.png",300,140,true],"large":["http:\/\/gravityescueladeespalda.es\/wp-content\/uploads\/2023\/10\/biotensegrity.png",750,350,false],"1536x1536":["http:\/\/gravityescueladeespalda.es\/wp-content\/uploads\/2023\/10\/biotensegrity.png",750,350,false],"2048x2048":["http:\/\/gravityescueladeespalda.es\/wp-content\/uploads\/2023\/10\/biotensegrity.png",750,350,false],"inspiro-featured-image":["http:\/\/gravityescueladeespalda.es\/wp-content\/uploads\/2023\/10\/biotensegrity.png",750,350,false],"inspiro-loop":["http:\/\/gravityescueladeespalda.es\/wp-content\/uploads\/2023\/10\/biotensegrity-750x320.png",750,320,true],"inspiro-loop@2x":["http:\/\/gravityescueladeespalda.es\/wp-content\/uploads\/2023\/10\/biotensegrity.png",750,350,false]},"rttpg_author":{"display_name":"Kity","author_link":"http:\/\/gravityescueladeespalda.es\/index.php\/author\/admin\/"},"rttpg_comment":0,"rttpg_category":"<a href=\"http:\/\/gravityescueladeespalda.es\/index.php\/category\/pilates-osteopatia-espalda\/\" rel=\"category tag\">Pilates, Osteopat\u00eda, Espalda<\/a> <a href=\"http:\/\/gravityescueladeespalda.es\/index.php\/category\/terapias\/\" rel=\"category tag\">Terapias<\/a>","rttpg_excerpt":"Por todo ello, se puede afirmar que la FASCIA es un tejido din\u00e1mico y altamente sensible, que siempre est\u00e1 escuchando y respondiendo a lo que sucede en el cuerpo. El conocimiento de la estructura y funci\u00f3n de la fascia puede ayudar a mejorar los resultados de todas las terapias manuales y f\u00edsicas que afectan al&hellip;","_links":{"self":[{"href":"http:\/\/gravityescueladeespalda.es\/index.php\/wp-json\/wp\/v2\/posts\/2336","targetHints":{"allow":["GET"]}}],"collection":[{"href":"http:\/\/gravityescueladeespalda.es\/index.php\/wp-json\/wp\/v2\/posts"}],"about":[{"href":"http:\/\/gravityescueladeespalda.es\/index.php\/wp-json\/wp\/v2\/types\/post"}],"author":[{"embeddable":true,"href":"http:\/\/gravityescueladeespalda.es\/index.php\/wp-json\/wp\/v2\/users\/1"}],"replies":[{"embeddable":true,"href":"http:\/\/gravityescueladeespalda.es\/index.php\/wp-json\/wp\/v2\/comments?post=2336"}],"version-history":[{"count":4,"href":"http:\/\/gravityescueladeespalda.es\/index.php\/wp-json\/wp\/v2\/posts\/2336\/revisions"}],"predecessor-version":[{"id":2348,"href":"http:\/\/gravityescueladeespalda.es\/index.php\/wp-json\/wp\/v2\/posts\/2336\/revisions\/2348"}],"wp:featuredmedia":[{"embeddable":true,"href":"http:\/\/gravityescueladeespalda.es\/index.php\/wp-json\/wp\/v2\/media\/2343"}],"wp:attachment":[{"href":"http:\/\/gravityescueladeespalda.es\/index.php\/wp-json\/wp\/v2\/media?parent=2336"}],"wp:term":[{"taxonomy":"category","embeddable":true,"href":"http:\/\/gravityescueladeespalda.es\/index.php\/wp-json\/wp\/v2\/categories?post=2336"},{"taxonomy":"post_tag","embeddable":true,"href":"http:\/\/gravityescueladeespalda.es\/index.php\/wp-json\/wp\/v2\/tags?post=2336"}],"curies":[{"name":"wp","href":"https:\/\/api.w.org\/{rel}","templated":true}]}}