{"id":2278,"date":"2024-01-20T21:39:16","date_gmt":"2024-01-20T19:39:16","guid":{"rendered":"http:\/\/gravityescueladeespalda.es\/?p=2278"},"modified":"2024-01-20T21:50:01","modified_gmt":"2024-01-20T19:50:01","slug":"terapia-craneosacral","status":"publish","type":"post","link":"http:\/\/gravityescueladeespalda.es\/index.php\/2024\/01\/20\/terapia-craneosacral\/","title":{"rendered":"Terapia Craneosacral"},"content":{"rendered":"\n<p><ul>\n<li>El fundador de la Biodin\u00e1mica Craneosacral fue William Garner<strong> Sutherland<\/strong> (1872-1954), un oste\u00f3pata norteamericano que, descubri\u00f3 que los huesos del cr\u00e1neo no estaban fusionados como se le hab\u00eda ense\u00f1ado en la escuela de medicina, sino que se mov\u00edan y que este movimiento ten\u00eda una importancia fisiol\u00f3gica significativa.<\/li>\n<\/ul><\/p>\n\n\n\n<div class=\"ghostkit-grid ghostkit-grid-gap-md ghostkit-grid-align-items-center\"><div class=\"ghostkit-grid-inner\">\n<div class=\"ghostkit-col ghostkit-col-md-12 ghostkit-col-6\"><div class=\"ghostkit-col-content is-layout-flow wp-block-ghostkit-grid-column-is-layout-flow\">\n<figure class=\"wp-block-image alignright size-full is-resized wp-duotone-unset-1\"><img fetchpriority=\"high\" decoding=\"async\" width=\"136\" height=\"395\" src=\"http:\/\/gravityescueladeespalda.es\/wp-content\/uploads\/2023\/09\/encefaloraquideo-1.jpg\" alt=\"\" class=\"wp-image-2286\" style=\"width:197px;height:572px\" srcset=\"http:\/\/gravityescueladeespalda.es\/wp-content\/uploads\/2023\/09\/encefaloraquideo-1.jpg 136w, http:\/\/gravityescueladeespalda.es\/wp-content\/uploads\/2023\/09\/encefaloraquideo-1-103x300.jpg 103w\" sizes=\"(max-width: 136px) 100vw, 136px\" \/><\/figure>\n<\/div><\/div>\n\n\n\n<div class=\"ghostkit-col ghostkit-col-md-12 ghostkit-col-6 has-mobile-text-align-justify\"><div class=\"ghostkit-col-content is-layout-flow wp-block-ghostkit-grid-column-is-layout-flow\">\n<p>Sutherland estudi\u00f3 en la primera Escuela de Osteopat\u00eda de Estados Unidos donde, como estudiante, le vino la inspiraci\u00f3n mientras examinaba un cr\u00e1neo desarticulado. Estaba mirando los huesos temporales cuando, de golpe\u00a0 le vino un pensamiento: \u201cbiselados como las agallas de un pez para la respiraci\u00f3n primaria\u201d.<\/p>\n\n\n\n<p>Desde esta intuici\u00f3n, sigui\u00f3 investigando hasta descubrir que la \u201crespiraci\u00f3n primaria\u201d era, en realidad un movimiento de l\u00edquido expresado a trav\u00e9s de todo el cuerpo humano, como una pulsaci\u00f3n que puede ser palpada por manos sensibles.<\/p>\n\n\n\n<p>Sutherland decidi\u00f3 que el t\u00e9rmino respiraci\u00f3n&nbsp;primar\u00eda&nbsp;era el apropiado puesto que se produce&nbsp;antes&nbsp;que la respiraci\u00f3n pulmonar (que, por lo tanto, recibir\u00eda el nombre de respiraci\u00f3n \u201csecundaria\u201d). Estudios posteriores confirman esto, al demostrar que la muerte ocurre no cuando se detiene la respiraci\u00f3n, sino cuando esta pulsaci\u00f3n, llamada \u201cel impulso de respiraci\u00f3n primaria\u201d, se detiene.<\/p>\n<\/div><\/div>\n<\/div><\/div>\n\n\n\n<p><strong><em>La anatom\u00eda es el lenguaje del cuerpo<\/em><\/strong>, y cada una de las partes que lo forman tienen su propio lenguaje, el cual transmite su estado de salud a trav\u00e9s de impulsos r\u00edtmicos o movimientos respiratorios primarios.<\/p>\n\n\n\n<p>Este impulso puede ser percibido como un movimiento respiratorio sutil en todas las estructuras que componen el sistema craneosacral (enc\u00e9falo, m\u00e9dula espinal, liquido cefalorraqu\u00eddeo, meninges, huesos craneales, pelvis y sacro), y se transmite tambi\u00e9n a todos los \u00f3rganos y tejidos corporales. <strong>Este movimiento se produce por una fluctuaci\u00f3n del l\u00edquido cefalorraqu\u00eddeo<\/strong>, que protege al sistema nervioso central.<\/p>\n\n\n\n<p>El cerebro y la m\u00e9dula, al igual otros \u00f3rganos del cuerpo, tienen motilidad (capacidad intr\u00ednseca de un \u00f3rgano para moverse por s\u00ed mismo)<\/p>\n\n\n\n<div class=\"wp-block-columns is-layout-flex wp-container-core-columns-is-layout-28f84493 wp-block-columns-is-layout-flex\">\n<div class=\"wp-block-column is-layout-flow wp-block-column-is-layout-flow\" style=\"flex-basis:100%\">\n<figure class=\"wp-block-image alignleft size-full\"><img decoding=\"async\" width=\"400\" height=\"646\" src=\"http:\/\/gravityescueladeespalda.es\/wp-content\/uploads\/2023\/09\/1-d7cde5123c.jpg\" alt=\"\" class=\"wp-image-2284\" srcset=\"http:\/\/gravityescueladeespalda.es\/wp-content\/uploads\/2023\/09\/1-d7cde5123c.jpg 400w, http:\/\/gravityescueladeespalda.es\/wp-content\/uploads\/2023\/09\/1-d7cde5123c-186x300.jpg 186w\" sizes=\"(max-width: 400px) 100vw, 400px\" \/><\/figure>\n\n\n\n<p>Por lo tanto consideraremos el Mecanismo Respiratorio Primario como el fen\u00f3meno de&nbsp;<strong>motilidad propia del sistema nervioso central<\/strong>&nbsp;que, mediante la fluctuaci\u00f3n del l\u00edquido cefalorraqu\u00eddeo, produce una movilidad r\u00edtmica de los huesos del cr\u00e1neo y del sacro, que se propaga a todo el cuerpo.<\/p>\n\n\n\n<p>Podemos hablar de 2 fases de este Mecanismo Respiratorio Primario de 10 o 12 ciclos cada minuto:<\/p>\n\n\n\n<p>-La fase de&nbsp;<strong>inspiraci\u00f3n<\/strong>, flexi\u00f3n.<\/p>\n\n\n\n<p>-La fase de&nbsp;<strong>espiraci\u00f3n<\/strong>, extensi\u00f3n.<\/p>\n\n\n\n<p>Lo conforman las membranas men\u00edngeas y huesos a los que \u00e9stas se insertan;  el l\u00edquido cefalorraqu\u00eddeo (que rodea y protege el cerebro) y la m\u00e9dula espinal. Adem\u00e1s del cr\u00e1neo (b\u00f3veda, cara y boca) y el sacro.<\/p>\n\n\n\n<p>Dado que el cerebro y la m\u00e9dula espinal est\u00e1n dentro del Sistema Nervioso Central, es f\u00e1cil comprobar que el SCS posee una marcada influencia sobre gran variedad de funciones corporales.<\/p>\n\n\n\n<p>Mediante este m\u00e9todo, el terapeuta en lugar de actuar sobre el cuerpo para modificar esta situaci\u00f3n, sigue las se\u00f1ales del mismo que le indican c\u00f3mo proceder.<\/p>\n\n\n\n<p><strong><br>Se&nbsp; trata de una t\u00e9cnica &nbsp;muy suave<\/strong>&nbsp;en la que rara vez el terapeuta aplica m\u00e1s de 10 a 20 gramos de presi\u00f3n. La terapia Cr\u00e1neo-Sacral utiliza como instrumento de evaluaci\u00f3n el ritmo de este sistema fisiol\u00f3gico para precisamente corregir las restricciones del tejido fascial. Para poder conseguir esto, se requiere de un contacto muy suave y sensible m\u00e1s que de una mano pesada.&nbsp;&nbsp;<\/p>\n\n\n\n<p>Un terapeuta entrenado puede percibir y testar el movimiento Cr\u00e1neo-Sacral en cualquier parte del cuerpo. Obteniendo as\u00ed, una gran informaci\u00f3n acerca de las diferencias cualitativas que presenta el movimiento en su amplitud, rango, simetr\u00eda etc.&nbsp;&nbsp;&nbsp;&nbsp;&nbsp;&nbsp;&nbsp;&nbsp;&nbsp;&nbsp;&nbsp;&nbsp;<\/p>\n\n\n\n<p>A trav\u00e9s de la sutil presi\u00f3n de las manos se intenta liberar estos patrones de restricci\u00f3n; al hacerlo, el cuerpo del paciente tiene la oportunidad de liberar ese patr\u00f3n restrictivo y encontrar una nueva forma de organizarse.<\/p>\n\n\n\n<p>Generalmente es necesario realizar una serie de sesiones para obtener todos los efectos beneficiosos que esta terapia puede ofrecer.<\/p>\n<\/div>\n<\/div>\n","protected":false},"excerpt":{"rendered":"<p>El fundador de la Biodin\u00e1mica Craneosacral fue William Garner Sutherland (1872-1954), un oste\u00f3pata norteamericano que, descubri\u00f3 que los huesos del cr\u00e1neo no estaban fusionados como se le hab\u00eda ense\u00f1ado en la escuela de medicina, sino que se mov\u00edan y que este movimiento ten\u00eda una importancia fisiol\u00f3gica significativa. La anatom\u00eda es el lenguaje del cuerpo, y &hellip; <\/p>\n<p class=\"link-more\"><a href=\"http:\/\/gravityescueladeespalda.es\/index.php\/2024\/01\/20\/terapia-craneosacral\/\" class=\"more-link\">Leer m\u00e1s<span class=\"screen-reader-text\"> \u00abTerapia Craneosacral\u00bb<\/span><\/a><\/p>\n","protected":false},"author":1,"featured_media":2280,"comment_status":"closed","ping_status":"closed","sticky":false,"template":"","format":"standard","meta":{"_editorskit_title_hidden":false,"_editorskit_reading_time":0,"_editorskit_is_block_options_detached":false,"_editorskit_block_options_position":"{}","_uag_custom_page_level_css":"","ghostkit_customizer_options":"","ghostkit_custom_css":"","ghostkit_custom_js_head":"","ghostkit_custom_js_foot":"","ghostkit_typography":"","footnotes":""},"categories":[18],"tags":[],"class_list":["post-2278","post","type-post","status-publish","format-standard","has-post-thumbnail","hentry","category-terapias"],"uagb_featured_image_src":{"full":["http:\/\/gravityescueladeespalda.es\/wp-content\/uploads\/2023\/09\/liquido-cefalorraquideo-wide.jpg",1200,675,false],"thumbnail":["http:\/\/gravityescueladeespalda.es\/wp-content\/uploads\/2023\/09\/liquido-cefalorraquideo-wide-150x150.jpg",150,150,true],"medium":["http:\/\/gravityescueladeespalda.es\/wp-content\/uploads\/2023\/09\/liquido-cefalorraquideo-wide-300x169.jpg",300,169,true],"medium_large":["http:\/\/gravityescueladeespalda.es\/wp-content\/uploads\/2023\/09\/liquido-cefalorraquideo-wide-768x432.jpg",768,432,true],"large":["http:\/\/gravityescueladeespalda.es\/wp-content\/uploads\/2023\/09\/liquido-cefalorraquideo-wide-1024x576.jpg",950,534,true],"1536x1536":["http:\/\/gravityescueladeespalda.es\/wp-content\/uploads\/2023\/09\/liquido-cefalorraquideo-wide.jpg",1200,675,false],"2048x2048":["http:\/\/gravityescueladeespalda.es\/wp-content\/uploads\/2023\/09\/liquido-cefalorraquideo-wide.jpg",1200,675,false],"inspiro-featured-image":["http:\/\/gravityescueladeespalda.es\/wp-content\/uploads\/2023\/09\/liquido-cefalorraquideo-wide.jpg",1200,675,false],"inspiro-loop":["http:\/\/gravityescueladeespalda.es\/wp-content\/uploads\/2023\/09\/liquido-cefalorraquideo-wide-950x320.jpg",950,320,true],"inspiro-loop@2x":["http:\/\/gravityescueladeespalda.es\/wp-content\/uploads\/2023\/09\/liquido-cefalorraquideo-wide-1200x640.jpg",1200,640,true]},"uagb_author_info":{"display_name":"Kity","author_link":"http:\/\/gravityescueladeespalda.es\/index.php\/author\/admin\/"},"uagb_comment_info":0,"uagb_excerpt":"El fundador de la Biodin\u00e1mica Craneosacral fue William Garner Sutherland (1872-1954), un oste\u00f3pata norteamericano que, descubri\u00f3 que los huesos del cr\u00e1neo no estaban fusionados como se le hab\u00eda ense\u00f1ado en la escuela de medicina, sino que se mov\u00edan y que este movimiento ten\u00eda una importancia fisiol\u00f3gica significativa. La anatom\u00eda es el lenguaje del cuerpo, y&hellip;","rttpg_featured_image_url":{"full":["http:\/\/gravityescueladeespalda.es\/wp-content\/uploads\/2023\/09\/liquido-cefalorraquideo-wide.jpg",1200,675,false],"landscape":["http:\/\/gravityescueladeespalda.es\/wp-content\/uploads\/2023\/09\/liquido-cefalorraquideo-wide.jpg",1200,675,false],"portraits":["http:\/\/gravityescueladeespalda.es\/wp-content\/uploads\/2023\/09\/liquido-cefalorraquideo-wide.jpg",1200,675,false],"thumbnail":["http:\/\/gravityescueladeespalda.es\/wp-content\/uploads\/2023\/09\/liquido-cefalorraquideo-wide-150x150.jpg",150,150,true],"medium":["http:\/\/gravityescueladeespalda.es\/wp-content\/uploads\/2023\/09\/liquido-cefalorraquideo-wide-300x169.jpg",300,169,true],"large":["http:\/\/gravityescueladeespalda.es\/wp-content\/uploads\/2023\/09\/liquido-cefalorraquideo-wide-1024x576.jpg",950,534,true],"1536x1536":["http:\/\/gravityescueladeespalda.es\/wp-content\/uploads\/2023\/09\/liquido-cefalorraquideo-wide.jpg",1200,675,false],"2048x2048":["http:\/\/gravityescueladeespalda.es\/wp-content\/uploads\/2023\/09\/liquido-cefalorraquideo-wide.jpg",1200,675,false],"inspiro-featured-image":["http:\/\/gravityescueladeespalda.es\/wp-content\/uploads\/2023\/09\/liquido-cefalorraquideo-wide.jpg",1200,675,false],"inspiro-loop":["http:\/\/gravityescueladeespalda.es\/wp-content\/uploads\/2023\/09\/liquido-cefalorraquideo-wide-950x320.jpg",950,320,true],"inspiro-loop@2x":["http:\/\/gravityescueladeespalda.es\/wp-content\/uploads\/2023\/09\/liquido-cefalorraquideo-wide-1200x640.jpg",1200,640,true]},"rttpg_author":{"display_name":"Kity","author_link":"http:\/\/gravityescueladeespalda.es\/index.php\/author\/admin\/"},"rttpg_comment":0,"rttpg_category":"<a href=\"http:\/\/gravityescueladeespalda.es\/index.php\/category\/terapias\/\" rel=\"category tag\">Terapias<\/a>","rttpg_excerpt":"El fundador de la Biodin\u00e1mica Craneosacral fue William Garner Sutherland (1872-1954), un oste\u00f3pata norteamericano que, descubri\u00f3 que los huesos del cr\u00e1neo no estaban fusionados como se le hab\u00eda ense\u00f1ado en la escuela de medicina, sino que se mov\u00edan y que este movimiento ten\u00eda una importancia fisiol\u00f3gica significativa. La anatom\u00eda es el lenguaje del cuerpo, y&hellip;","_links":{"self":[{"href":"http:\/\/gravityescueladeespalda.es\/index.php\/wp-json\/wp\/v2\/posts\/2278","targetHints":{"allow":["GET"]}}],"collection":[{"href":"http:\/\/gravityescueladeespalda.es\/index.php\/wp-json\/wp\/v2\/posts"}],"about":[{"href":"http:\/\/gravityescueladeespalda.es\/index.php\/wp-json\/wp\/v2\/types\/post"}],"author":[{"embeddable":true,"href":"http:\/\/gravityescueladeespalda.es\/index.php\/wp-json\/wp\/v2\/users\/1"}],"replies":[{"embeddable":true,"href":"http:\/\/gravityescueladeespalda.es\/index.php\/wp-json\/wp\/v2\/comments?post=2278"}],"version-history":[{"count":14,"href":"http:\/\/gravityescueladeespalda.es\/index.php\/wp-json\/wp\/v2\/posts\/2278\/revisions"}],"predecessor-version":[{"id":2691,"href":"http:\/\/gravityescueladeespalda.es\/index.php\/wp-json\/wp\/v2\/posts\/2278\/revisions\/2691"}],"wp:featuredmedia":[{"embeddable":true,"href":"http:\/\/gravityescueladeespalda.es\/index.php\/wp-json\/wp\/v2\/media\/2280"}],"wp:attachment":[{"href":"http:\/\/gravityescueladeespalda.es\/index.php\/wp-json\/wp\/v2\/media?parent=2278"}],"wp:term":[{"taxonomy":"category","embeddable":true,"href":"http:\/\/gravityescueladeespalda.es\/index.php\/wp-json\/wp\/v2\/categories?post=2278"},{"taxonomy":"post_tag","embeddable":true,"href":"http:\/\/gravityescueladeespalda.es\/index.php\/wp-json\/wp\/v2\/tags?post=2278"}],"curies":[{"name":"wp","href":"https:\/\/api.w.org\/{rel}","templated":true}]}}